{"id":937,"date":"2010-02-14T09:42:34","date_gmt":"2010-02-14T09:42:34","guid":{"rendered":"http:\/\/ministerieetenendrinken.nl\/?p=937"},"modified":"2011-09-23T09:43:43","modified_gmt":"2011-09-23T09:43:43","slug":"het-wordt-elk-jaar-minder","status":"publish","type":"post","link":"https:\/\/ministerieetenendrinken.nl\/?p=937","title":{"rendered":"Het wordt elk jaar minder?!&#8230;"},"content":{"rendered":"<div>\n<div><\/div>\n<div>\n<div>\n<div>\n<div>\n<div>\n<p><a title=\"carnaval zaterdag  by ellenbouckaert, on Flickr\" href=\"http:\/\/ministerieetenendrinken.web-log.nl\/ministerieetenendrinken\/%3Ca%20href=\" target=\"_blank\"><img loading=\"lazy\" decoding=\"async\" src=\"http:\/\/farm5.static.flickr.com\/4054\/4355256655_a0a35e3cd4.jpg\" alt=\"carnaval zaterdag \" width=\"500\" height=\"334\" \/><\/a><\/p>\n<p>Elk jaar, in de aanloop naar het Grote Feest, kom ik ze weer tegen, de ex-carnavalsklanten die deze keer maar niet meer gaan. &#8220;Het wordt elk jaar minder&#8230;&#8221;<\/p>\n<p>En soms denk ik dan dat er misschien wel een kern van waarheid in zit, Dat ik een dinosaurus ben die de Grote Meteoriet inslag meemaakte, maar vergeten was uit te sterven&#8230; Ze kunnen me heus aan het twijfelen brengen, die feestverzakers.<\/p>\n<p>Maar dan zijn er gelukkig Ellen en Hijn, het Kind en de Jongste Bediende, Anita en Neel, Marleen en Evert, Ans en Andy, Toon en Maartje (waar is Walter nou gebleven?) Die houden me wel bij de les&#8230;<\/p>\n<p>Hoezo wordt het minder? Als je in de bittere koude een half uur moet staan wachten voordat je \u00fcberhaupt bij Dientje binnen mag, vanwege overvol. Als er zelfs geen plaats meer is voor een rondzwervende blaasharmonie vanwege overbezette podia door wel tien andere dweilorkesten. Als het bij De Keizer &#8220;met de benen buiten hangt&#8221;. En iedereen dus uitwijkt naar het Ridderhof, waar het vervolgens ook weer stampvol wordt (en waar dat &#8220;Verloren Dweilorkest&#8221; gelukkig w\u00e9l een podium vindt&#8230;). En als je dan doorsjokt naar Caf\u00e9 Irmo, en aldaar onverrichterzake omdraait omdat werkelijk geen centimeter ruimte voor jouw is open gelaten door het Jongvolk. Dan lezer, dan denk je: &#8220;Hoezo minder?&#8221;<\/p>\n<p>En hoezo t\u00e9 oud? Zolang het bejaardencarnaval onder leiding van de Laotbloejers de hele Engelenburgt bezet (\u00e9n vier dagen bezet houdt) kan er toch geen sprake zijn van t\u00e9 oud? En voor al die andere zalen en zaaltjes, caf\u00e9s en bars mag eenzelfde toeloop verwacht worden. We konden het jammer genoeg niet allemaal persoonlijk onderzoeken.<\/p>\n<p>De queeste naar de &#8220;beste Frikandel Speciaal&#8221; die Hijn, Anita en ik ondernamen liep op niks uit. Wel deed het ons belanden bij caf\u00e9 De Zwaan, waar een druk bezochte darts-competitie alle aandacht opslokte (ook leuk!). We zagen er Sven Kramer naar het goud rijden (geloof ik).<\/p>\n<p>En als ik dan om een uur of twee des nachts mijn blik over de eters aan de keukentafel van het Ministerie laat glijden (geurende broden, goudgele kazen en dampende verse worst) denk ik: &#8220;Hoezo minder?&#8221;<\/p>\n<p>\u00a9 paul<\/p>\n<\/div>\n<\/div>\n<\/div>\n<\/div>\n<\/div>\n<\/div>\n","protected":false},"excerpt":{"rendered":"<p>Elk jaar, in de aanloop naar het Grote Feest, kom ik ze weer tegen, de ex-carnavalsklanten die deze keer maar niet meer gaan. &#8220;Het wordt elk jaar minder&#8230;&#8221; En soms denk ik dan dat er misschien wel een kern van &hellip; <a href=\"https:\/\/ministerieetenendrinken.nl\/?p=937\">Continue reading <span class=\"meta-nav\">&rarr;<\/span><\/a><\/p>\n","protected":false},"author":1,"featured_media":0,"comment_status":"open","ping_status":"open","sticky":false,"template":"","format":"standard","meta":{"footnotes":""},"categories":[19,3],"tags":[],"class_list":["post-937","post","type-post","status-publish","format-standard","hentry","category-feesten","category-geruchten-roddels-en-achterklap"],"_links":{"self":[{"href":"https:\/\/ministerieetenendrinken.nl\/index.php?rest_route=\/wp\/v2\/posts\/937","targetHints":{"allow":["GET"]}}],"collection":[{"href":"https:\/\/ministerieetenendrinken.nl\/index.php?rest_route=\/wp\/v2\/posts"}],"about":[{"href":"https:\/\/ministerieetenendrinken.nl\/index.php?rest_route=\/wp\/v2\/types\/post"}],"author":[{"embeddable":true,"href":"https:\/\/ministerieetenendrinken.nl\/index.php?rest_route=\/wp\/v2\/users\/1"}],"replies":[{"embeddable":true,"href":"https:\/\/ministerieetenendrinken.nl\/index.php?rest_route=%2Fwp%2Fv2%2Fcomments&post=937"}],"version-history":[{"count":0,"href":"https:\/\/ministerieetenendrinken.nl\/index.php?rest_route=\/wp\/v2\/posts\/937\/revisions"}],"wp:attachment":[{"href":"https:\/\/ministerieetenendrinken.nl\/index.php?rest_route=%2Fwp%2Fv2%2Fmedia&parent=937"}],"wp:term":[{"taxonomy":"category","embeddable":true,"href":"https:\/\/ministerieetenendrinken.nl\/index.php?rest_route=%2Fwp%2Fv2%2Fcategories&post=937"},{"taxonomy":"post_tag","embeddable":true,"href":"https:\/\/ministerieetenendrinken.nl\/index.php?rest_route=%2Fwp%2Fv2%2Ftags&post=937"}],"curies":[{"name":"wp","href":"https:\/\/api.w.org\/{rel}","templated":true}]}}