{"id":758,"date":"2010-06-21T18:36:14","date_gmt":"2010-06-21T18:36:14","guid":{"rendered":"http:\/\/ministerieetenendrinken.nl\/?p=758"},"modified":"2015-04-15T12:32:09","modified_gmt":"2015-04-15T12:32:09","slug":"alweer-een-mooi-gemerts-cafe-minder","status":"publish","type":"post","link":"https:\/\/ministerieetenendrinken.nl\/?p=758","title":{"rendered":"Alweer een mooi Gemerts caf\u00e9 minder&#8230;"},"content":{"rendered":"<p><a title=\"alleman 2007 het laatste 235 by Ellen Bouckaert, on Flickr\" href=\"https:\/\/www.flickr.com\/photos\/ellenbouckaert\/1298252084\"><img loading=\"lazy\" decoding=\"async\" src=\"https:\/\/farm2.staticflickr.com\/1164\/1298252084_9a57a4c04b_z.jpg?zz=1\" alt=\"alleman 2007 het laatste 235\" width=\"640\" height=\"428\" \/><\/a><\/p>\n<p>Al bijna drie jaar is het gesloten, het caf\u00e9 tegenover ons huis. Wij zagen het langzaam verkommeren&#8230;Deze week begon men met de sloop van Caf\u00e9 Alleman.<\/p>\n<p>Waar eens een mooi caf\u00e9 stond ligt nu een berg puin. Het is al bijna niet meer te herkennen. Recht vooruit was het podium waarop ontelbare nationale en internationale sterren muziek hebben gemaakt.Links, nog even beschermt door een klein stukje muur was de bar en daarachter de keuken waar Suzan de scepter zwaaide&#8230;<\/p>\n<p>Drie jaar geleden vierden we het afscheid\u00a0van dit mooie caf\u00e9. Honderden mensen kwamen een laatste glas drinken, het werd een feest om nooit meer te vergeten.<\/p>\n<p><a title=\"alleman 2007 het laatste 013 by ellenbouckaert, on Flickr\" href=\"http:\/\/beheerpagina.web-log.nl\/site\/blogs\/6a0133ed7e59f8970b0133ed7e5a97970b\/post\/%3Ca%20href=\" target=\"_blank\"><img loading=\"lazy\" decoding=\"async\" src=\"http:\/\/farm2.static.flickr.com\/1300\/1297728926_533e334213.jpg\" alt=\"alleman 2007 het laatste 013\" width=\"500\" height=\"334\" \/><\/a><\/p>\n<p>Daarna bleef het Caf\u00e9 nog een paar maanden open tot Mat en Suzan Bijnen eind 2007 definitief de deur sloten. Het pand, of liever gezegd de grond is verkocht. Er zullen appartementen gebouwd worden.<\/p>\n<p><a title=\"alleman 021 by ellenbouckaert, on Flickr\" href=\"http:\/\/beheerpagina.web-log.nl\/site\/blogs\/6a0133ed7e59f8970b0133ed7e5a97970b\/post\/6a0133ed7e59f8970b013484a6c9b9970c\/%3Ca%20href=\" target=\"_blank\"><img loading=\"lazy\" decoding=\"async\" src=\"http:\/\/farm5.static.flickr.com\/4063\/4714331628_8f2dcd0d4b.jpg\" alt=\"alleman 021\" width=\"500\" height=\"334\" \/><\/a><\/p>\n<p>Ik zie de afgelopen dagen allerlei mensen een beetje triest rond de puinhopen lopen. En dan hoor ik steeds weer: &#8220;Het is toch jammer&#8221;, &#8220;We hebben hier zoveel plezier gehad&#8221;, &#8220;Ik weet nog steeds niet waar ik nu een pilske zal gaan vatten&#8221;.<\/p>\n<p>Caf\u00e9 Alleman; het was een begrip tot ver buiten Gemert, hier werd gegeten en gedronken. Muziek gemaakt, gezongen, gekletst en gezwetst en soms ook een traantje weggepinkt&#8230;<\/p>\n<p>Wie nog \u00e9\u00e9n keer naar de foto&#8217;s van dat laatste feest wil kijken <a href=\"http:\/\/www.flickr.com\/photos\/ellenbouckaert\/sets\/72157601804509052\/\" target=\"_blank\">klik hier<\/a>.<\/p>\n<p>\u00a9 ellen.<\/p>\n","protected":false},"excerpt":{"rendered":"<p>Al bijna drie jaar is het gesloten, het caf\u00e9 tegenover ons huis. Wij zagen het langzaam verkommeren&#8230;Deze week begon men met de sloop van Caf\u00e9 Alleman. Waar eens een mooi caf\u00e9 stond ligt nu een berg puin. Het is al &hellip; <a href=\"https:\/\/ministerieetenendrinken.nl\/?p=758\">Continue reading <span class=\"meta-nav\">&rarr;<\/span><\/a><\/p>\n","protected":false},"author":1,"featured_media":0,"comment_status":"open","ping_status":"open","sticky":false,"template":"","format":"standard","meta":{"footnotes":""},"categories":[16,3],"tags":[],"class_list":["post-758","post","type-post","status-publish","format-standard","hentry","category-bier","category-geruchten-roddels-en-achterklap"],"_links":{"self":[{"href":"https:\/\/ministerieetenendrinken.nl\/index.php?rest_route=\/wp\/v2\/posts\/758","targetHints":{"allow":["GET"]}}],"collection":[{"href":"https:\/\/ministerieetenendrinken.nl\/index.php?rest_route=\/wp\/v2\/posts"}],"about":[{"href":"https:\/\/ministerieetenendrinken.nl\/index.php?rest_route=\/wp\/v2\/types\/post"}],"author":[{"embeddable":true,"href":"https:\/\/ministerieetenendrinken.nl\/index.php?rest_route=\/wp\/v2\/users\/1"}],"replies":[{"embeddable":true,"href":"https:\/\/ministerieetenendrinken.nl\/index.php?rest_route=%2Fwp%2Fv2%2Fcomments&post=758"}],"version-history":[{"count":0,"href":"https:\/\/ministerieetenendrinken.nl\/index.php?rest_route=\/wp\/v2\/posts\/758\/revisions"}],"wp:attachment":[{"href":"https:\/\/ministerieetenendrinken.nl\/index.php?rest_route=%2Fwp%2Fv2%2Fmedia&parent=758"}],"wp:term":[{"taxonomy":"category","embeddable":true,"href":"https:\/\/ministerieetenendrinken.nl\/index.php?rest_route=%2Fwp%2Fv2%2Fcategories&post=758"},{"taxonomy":"post_tag","embeddable":true,"href":"https:\/\/ministerieetenendrinken.nl\/index.php?rest_route=%2Fwp%2Fv2%2Ftags&post=758"}],"curies":[{"name":"wp","href":"https:\/\/api.w.org\/{rel}","templated":true}]}}