{"id":3092,"date":"2007-05-11T11:16:25","date_gmt":"2007-05-11T11:16:25","guid":{"rendered":"http:\/\/ministerieetenendrinken.nl\/?p=3092"},"modified":"2011-09-30T11:17:36","modified_gmt":"2011-09-30T11:17:36","slug":"kunst-en-een-rijdende-friettent","status":"publish","type":"post","link":"https:\/\/ministerieetenendrinken.nl\/?p=3092","title":{"rendered":"Kunst en een rijdende friettent&#8230;"},"content":{"rendered":"<div>\n<div>\n<div>\n<div>\n<div>\n<div>\n<p><a title=\"Photo Sharing\" href=\"http:\/\/www.google.nl\/reader\/view\/?hl=nl&amp;tab=my\" target=\"_blank\"><img loading=\"lazy\" decoding=\"async\" src=\"http:\/\/farm1.static.flickr.com\/211\/492837662_97a7deae52.jpg\" alt=\"10 mei 2007 027\" width=\"500\" height=\"375\" \/><\/a><\/p>\n<p>H\u00e8, h\u00e8, dit was een lange dag! Ik ben net thuis. Op onze Pabo was het de hele week kunstenweek voor de eerstejaars studenten. Een week lang stond voor hen alles in het teken van kunst en cultuur. Er werd gedanst, muziek gemaakt, er was drama, er werden prachtige prentenboeken gemaakt, leskisten die z\u00f3 naar de uitgever kunnen en niet te vergeten, schitterende animatiefilmpjes. Studenten werkten deze hele week in groepjes aan een project en vandaag was de eindpresentatie.<br \/>\nHet was voor iedereen een hele drukke week maar het was fantastisch om te zien hoe enthousiast iedereen aan het werk was. De hele derde verdieping van ons gebouw was \u00e9\u00e9n gonzend, bedrijvig, lawaaiig atelier. Vanmiddag was de generale repetitie en daarna de grote eindpresentatie van wat er deze week allemaal ontstaan is. In totaal twaalf groepen lieten zien waar ze deze week mee bezig zijn geweest, met natuurlijk een aantal pauzes tussendoor. In de grote pauze gingen de gordijnen naar ons terras open en daar bleek een heuse friettent op wielen te staan waar \u00e9\u00e9n persoon in een razend tempo toch zo&#8217;n 160 mensen van een frietje met iets erbij voorzag.<\/p>\n<p><a title=\"Photo Sharing\" href=\"http:\/\/www.google.nl\/reader\/view\/?hl=nl&amp;tab=my\" target=\"_blank\"><img loading=\"lazy\" decoding=\"async\" src=\"http:\/\/farm1.static.flickr.com\/213\/492837648_584f839b5e.jpg\" alt=\"10 mei 2007 021\" width=\"500\" height=\"375\" \/><\/a><\/p>\n<p>Gelukkig waren er ook nog wat salades zodat we het niet helemaal zonder vitaminen hoefden te stellen vandaag!<\/p>\n<p><a title=\"Photo Sharing\" href=\"http:\/\/www.google.nl\/reader\/view\/?hl=nl&amp;tab=my\" target=\"_blank\"><img loading=\"lazy\" decoding=\"async\" src=\"http:\/\/farm1.static.flickr.com\/224\/492837654_327837986a.jpg\" alt=\"10 mei 2007 023\" width=\"500\" height=\"375\" \/><\/a><\/p>\n<p>En al ben ik dan niet zo&#8217;n frietliefhebber, het was heel gezellig om zo met z&#8217;n allen te eten en een glas te drinken!<\/p>\n<p>Wat die foto van die taart nu boven dit artikel doet? Dat was de hoofdprijs!<br \/>\nIk had de twijfelachtige eer om in de jury te mogen zitten die de hoofdprijs zou toekennen aan het mooiste, het beste, het geweldigste het&#8230;ga zo maar door.<br \/>\nEen twijfelachtige eer, want alle projecten waren van hoge kwaliteit. Iedereen had keihard gewerkt, er kwamen nooitvermoede talenten tevoorschijn en kies dan maar eens &#8220;de beste&#8221; uit!<br \/>\nWe kozen toch met de voltallige jury voor het project &#8220;Breinstein&#8221;; een prachtig prentenboek, m\u00e9t lespakket, m\u00e9t een goede powerpointpresentatie, m\u00e9t een driedimensionaal filmpje, gemaakt door een geweldig team.<br \/>\nGelukkig was het een luchtige prijs en verliep de uitreiking niet zo serieus.<\/p>\n<p>We sloten we af met een borrel en reden we door de stromende regen en donderende bliksems naar huis.<\/p>\n<p>Ik zou bijna zeggen; En espresso toe. Daar is het helaas te laat voor geworden.<br \/>\nGeen recepten vandaag, geen mooi of gezond eten, dat komt morgen wel weer.<\/p>\n<p>Dit was gewoon een geweldig mooie werkweek, ik ben blij dat ik op zo&#8217;n &#8220;Beste Pabo&#8221; kan werken!<\/p>\n<\/div>\n<\/div>\n<\/div>\n<\/div>\n<\/div>\n<\/div>\n","protected":false},"excerpt":{"rendered":"<p>H\u00e8, h\u00e8, dit was een lange dag! Ik ben net thuis. Op onze Pabo was het de hele week kunstenweek voor de eerstejaars studenten. Een week lang stond voor hen alles in het teken van kunst en cultuur. Er werd &hellip; <a href=\"https:\/\/ministerieetenendrinken.nl\/?p=3092\">Continue reading <span class=\"meta-nav\">&rarr;<\/span><\/a><\/p>\n","protected":false},"author":1,"featured_media":0,"comment_status":"open","ping_status":"open","sticky":false,"template":"","format":"standard","meta":{"footnotes":""},"categories":[3,33],"tags":[],"class_list":["post-3092","post","type-post","status-publish","format-standard","hentry","category-geruchten-roddels-en-achterklap","category-kunst-en-eten"],"_links":{"self":[{"href":"https:\/\/ministerieetenendrinken.nl\/index.php?rest_route=\/wp\/v2\/posts\/3092","targetHints":{"allow":["GET"]}}],"collection":[{"href":"https:\/\/ministerieetenendrinken.nl\/index.php?rest_route=\/wp\/v2\/posts"}],"about":[{"href":"https:\/\/ministerieetenendrinken.nl\/index.php?rest_route=\/wp\/v2\/types\/post"}],"author":[{"embeddable":true,"href":"https:\/\/ministerieetenendrinken.nl\/index.php?rest_route=\/wp\/v2\/users\/1"}],"replies":[{"embeddable":true,"href":"https:\/\/ministerieetenendrinken.nl\/index.php?rest_route=%2Fwp%2Fv2%2Fcomments&post=3092"}],"version-history":[{"count":0,"href":"https:\/\/ministerieetenendrinken.nl\/index.php?rest_route=\/wp\/v2\/posts\/3092\/revisions"}],"wp:attachment":[{"href":"https:\/\/ministerieetenendrinken.nl\/index.php?rest_route=%2Fwp%2Fv2%2Fmedia&parent=3092"}],"wp:term":[{"taxonomy":"category","embeddable":true,"href":"https:\/\/ministerieetenendrinken.nl\/index.php?rest_route=%2Fwp%2Fv2%2Fcategories&post=3092"},{"taxonomy":"post_tag","embeddable":true,"href":"https:\/\/ministerieetenendrinken.nl\/index.php?rest_route=%2Fwp%2Fv2%2Ftags&post=3092"}],"curies":[{"name":"wp","href":"https:\/\/api.w.org\/{rel}","templated":true}]}}